{"id":220,"date":"2020-03-29T17:51:23","date_gmt":"2020-03-29T15:51:23","guid":{"rendered":"http:\/\/www.aucalme.eu\/news\/?p=220"},"modified":"2020-03-29T17:51:23","modified_gmt":"2020-03-29T15:51:23","slug":"prieres-et-covid-19","status":"publish","type":"post","link":"https:\/\/www.aucalme.eu\/index.php\/2020\/03\/29\/prieres-et-covid-19\/","title":{"rendered":"Soutien au Coronavirus Covid-19"},"content":{"rendered":"<div>\n<div>Tr\u00e8s cher Roger,<\/div>\n<div><\/div>\n<div><span id=OBJ_PREFIX_DWT48_com_zimbra_date class=Object role=link>Ce matin<\/span>, j\u2019ai fait le \u00ab&nbsp;V&nbsp;\u00bb de la victoire : apr\u00e8s 13 jours d\u2019hospitalisation, on m\u2019a enlev\u00e9 ma \u00ab&nbsp;b\u00e9quille&nbsp;\u00bb, l\u2019oxyg\u00e8ne, et je peux respirer sans depuis environ 6 heures. C\u2019est magnifique ! Il y a 15 jours, je n\u2019en menais pas large. Lorsque tu m\u2019as propos\u00e9 ton aide il y a 5 jours, j\u2019allais un tout petit peu mieux mais les tendances ne semblaient pas vouloir s\u2019inverser.<\/div>\n<div><\/div>\n<div>Depuis tes interventions, il n\u2019y a eu que du positif et <span id=OBJ_PREFIX_DWT49_com_zimbra_date class=Object role=link>ce matin<\/span>, les bronches clean. Je te remercie de tout c\u0153ur, mais aussi la cha\u00eene de solidarit\u00e9 qui s\u2019est cr\u00e9\u00e9e autour de toi. Il n\u2019y a que cela de vrai, la pri\u00e8re m\u00eame si, \u00e0 certains moments, ma t\u00eate n\u2019y \u00e9tait pas toujours.<\/div>\n<div>Merci au Cr\u00e9ateur qui t\u2019a donn\u00e9 ce don dont tu nous fais, dans ta g\u00e9n\u00e9rosit\u00e9, b\u00e9n\u00e9ficier. Ce n\u2019est pas la premi\u00e8re fois en ce qui me concerne, mais la plus importante. MERCI !!!<\/div>\n<div>PS : j\u2019avais un petit doute sur la \u00ab&nbsp;distance&nbsp;\u00bb qui nous s\u00e9parait qui a compl\u00e8tement disparu<\/div>\n<\/div>\n<div>Marie-Christine B.<\/div>\n","protected":false},"excerpt":{"rendered":"<p>Tr\u00e8s cher Roger, Ce matin, j\u2019ai fait le \u00ab&nbsp;V&nbsp;\u00bb de la victoire : apr\u00e8s 13 jours d\u2019hospitalisation, on m\u2019a enlev\u00e9 ma \u00ab&nbsp;b\u00e9quille&nbsp;\u00bb, l\u2019oxyg\u00e8ne, et je peux respirer sans depuis environ 6 heures. C\u2019est magnifique ! Il y a 15 jours, &hellip; <a href=\"https:\/\/www.aucalme.eu\/index.php\/2020\/03\/29\/prieres-et-covid-19\/\">Continue reading <span class=\"meta-nav\">&rarr;<\/span><\/a><\/p>\n","protected":false},"author":3,"featured_media":0,"comment_status":"open","ping_status":"closed","sticky":false,"template":"","format":"standard","meta":{"footnotes":""},"categories":[3],"tags":[],"class_list":["post-220","post","type-post","status-publish","format-standard","hentry","category-autres"],"_links":{"self":[{"href":"https:\/\/www.aucalme.eu\/index.php\/wp-json\/wp\/v2\/posts\/220","targetHints":{"allow":["GET"]}}],"collection":[{"href":"https:\/\/www.aucalme.eu\/index.php\/wp-json\/wp\/v2\/posts"}],"about":[{"href":"https:\/\/www.aucalme.eu\/index.php\/wp-json\/wp\/v2\/types\/post"}],"author":[{"embeddable":true,"href":"https:\/\/www.aucalme.eu\/index.php\/wp-json\/wp\/v2\/users\/3"}],"replies":[{"embeddable":true,"href":"https:\/\/www.aucalme.eu\/index.php\/wp-json\/wp\/v2\/comments?post=220"}],"version-history":[{"count":0,"href":"https:\/\/www.aucalme.eu\/index.php\/wp-json\/wp\/v2\/posts\/220\/revisions"}],"wp:attachment":[{"href":"https:\/\/www.aucalme.eu\/index.php\/wp-json\/wp\/v2\/media?parent=220"}],"wp:term":[{"taxonomy":"category","embeddable":true,"href":"https:\/\/www.aucalme.eu\/index.php\/wp-json\/wp\/v2\/categories?post=220"},{"taxonomy":"post_tag","embeddable":true,"href":"https:\/\/www.aucalme.eu\/index.php\/wp-json\/wp\/v2\/tags?post=220"}],"curies":[{"name":"wp","href":"https:\/\/api.w.org\/{rel}","templated":true}]}}